{"id":155,"date":"2019-12-17T10:06:57","date_gmt":"2019-12-17T10:06:57","guid":{"rendered":"http:\/\/www.emmanuel-fouquart.fr\/?p=155"},"modified":"2019-12-17T10:07:53","modified_gmt":"2019-12-17T10:07:53","slug":"region-plan-solaire","status":"publish","type":"post","link":"http:\/\/www.emmanuel-fouquart.fr\/?p=155","title":{"rendered":"R\u00e9gion : Plan solaire"},"content":{"rendered":"\n<div class=\"twitter-share\"><a href=\"https:\/\/twitter.com\/intent\/tweet?hashtags=Solaire%20%23Environnement&#038;via=e_Fouquart\" class=\"twitter-share-button\" data-size=\"large\">Tweet<\/a><\/div>\n\n<p>Peu connue car r\u00e9cente, la R\u00e9gion Provence Alpes C\u00f4te d&rsquo;Azur a une commission d\u00e9di\u00e9e \u00e0 l&rsquo;environnement : Croissance verte, transition \u00e9nerg\u00e9tique, d\u00e9chets.<br>Sensibilis\u00e9 \u00e0 cette question importante, je me suis propos\u00e9 pour \u00eatre le r\u00e9f\u00e9rent de notre groupe au sein de cette commission.<br>Avec mes amis Conseillers R\u00e9gionaux du groupe Rassemblement National, nous \u00e9tudions chaque dossier propos\u00e9 par le pr\u00e9sident de R\u00e9gion. Nos positions sont toujours pragmatiques.<\/p>\n\n\n\n<!--more-->\n\n\n\n<h2 class=\"wp-block-heading\">L&rsquo;\u00e9olien<\/h2>\n\n\n\n<div class=\"wp-block-media-text alignwide\" style=\"grid-template-columns:44% auto\"><figure class=\"wp-block-media-text__media\"><img loading=\"lazy\" decoding=\"async\" width=\"999\" height=\"555\" src=\"http:\/\/www.emmanuel-fouquart.fr\/wp-content\/uploads\/2019\/12\/le-ferraillage-de-l-eolienne-de-plouagat-est-en-cours_3197769.jpg\" alt=\"\" class=\"wp-image-157\" srcset=\"http:\/\/www.emmanuel-fouquart.fr\/wp-content\/uploads\/2019\/12\/le-ferraillage-de-l-eolienne-de-plouagat-est-en-cours_3197769.jpg 999w, http:\/\/www.emmanuel-fouquart.fr\/wp-content\/uploads\/2019\/12\/le-ferraillage-de-l-eolienne-de-plouagat-est-en-cours_3197769-300x167.jpg 300w, http:\/\/www.emmanuel-fouquart.fr\/wp-content\/uploads\/2019\/12\/le-ferraillage-de-l-eolienne-de-plouagat-est-en-cours_3197769-768x427.jpg 768w\" sizes=\"auto, (max-width: 999px) 100vw, 999px\" \/><\/figure><div class=\"wp-block-media-text__content\">\n<p class=\"has-normal-font-size\">Nous sommes contre l&rsquo;\u00e9olien une \u00e9nergie al\u00e9atoire et sans stockage, ayant une empreinte environnementale consid\u00e9rable :<\/p>\n<\/div><\/div>\n\n\n\n<ul class=\"wp-block-list\"><li>Le co\u00fbt de construction et de d\u00e9construction,<\/li><li>Les m\u00e8tres cubes de b\u00e9ton coul\u00e9s et le ferraillage install\u00e9, <\/li><li>Les atteintes sonores et visuelles,<\/li><li>L&rsquo;impact sur l&rsquo;avifaune et l&rsquo;aquafaune (\u00e9olienne offshore),<\/li><li>Des mat\u00e9riaux non recyclables : Aujourd&rsquo;hui l&rsquo;\u00e9tat impose \u00e0 l&rsquo;installateur une caution de 50 000 \u20ac pour la d\u00e9sinstallation, montant insuffisant pour rendre le terrain \u00e0 son origine. D&rsquo;une dur\u00e9e de vie de 20 \u00e0 25 ans, la fibre carbone utilis\u00e9e n&rsquo;est pas recyclable. <\/li><\/ul>\n\n\n\n<h2 class=\"wp-block-heading\">L&rsquo;hydrog\u00e8ne<\/h2>\n\n\n\n<div class=\"wp-block-media-text alignwide\"><figure class=\"wp-block-media-text__media\"><img loading=\"lazy\" decoding=\"async\" width=\"300\" height=\"184\" src=\"http:\/\/www.emmanuel-fouquart.fr\/wp-content\/uploads\/2019\/12\/hydrogene-300x184-1.jpg\" alt=\"\" class=\"wp-image-161\"\/><\/figure><div class=\"wp-block-media-text__content\">\n<p class=\"has-normal-font-size\">L&rsquo;hydrog\u00e8ne nous semble \u00eatre une \u00e9nergie d&rsquo;avenir pour plusieurs points :<\/p>\n<\/div><\/div>\n\n\n\n<ul class=\"wp-block-list\"><li>Une \u00e9nergie \u00e0 empreinte carbone r\u00e9duite puisqu&rsquo;elle peut \u00eatre produite \u00e0 partir de l&rsquo;\u00e9nergie solaire.<\/li><li>Une alternative au tout \u00e9lectrique en mati\u00e8re de mobilit\u00e9. Un v\u00e9hicule hybride hydrog\u00e8ne embarque des batteries de plus petites tailles (r\u00e9duit l&rsquo;utilisation de mat\u00e9riaux rares) et rend le v\u00e9hicule autonome. Nous insistons sur le d\u00e9veloppement de stations de rechargement sur notre r\u00e9gion. La majorit\u00e9 r\u00e9gionale semble avancer dans notre sens en proposant des projets. <\/li><li>Valorisation de l&rsquo;hydrog\u00e8ne fatal. Nous accompagnons la majorit\u00e9 dans les projets de r\u00e9cup\u00e9ration de l&rsquo;hydrog\u00e8ne carbon\u00e9 (produit \u00e0 partir du m\u00e9thane) pour l&rsquo;utiliser comme <a href=\"https:\/\/www.nouvellespublications.com\/l-hydrogene-propulse-l-innovation-en-provence-1762.html\">carburant<\/a> de v\u00e9hicules. Nous avons vot\u00e9 <strong>POUR<\/strong> le projet de r\u00e9cup\u00e9ration d&rsquo;hydrog\u00e8ne fatal \u00e0 l&rsquo;usine Kem One de Fos-sur-Mer.<\/li><\/ul>\n\n\n\n<h2 class=\"wp-block-heading\">La m\u00e9thanisation<\/h2>\n\n\n\n<div class=\"wp-block-media-text alignwide\"><figure class=\"wp-block-media-text__media\"><img loading=\"lazy\" decoding=\"async\" width=\"400\" height=\"302\" src=\"http:\/\/www.emmanuel-fouquart.fr\/wp-content\/uploads\/2019\/12\/image022.jpg\" alt=\"\" class=\"wp-image-162\" srcset=\"http:\/\/www.emmanuel-fouquart.fr\/wp-content\/uploads\/2019\/12\/image022.jpg 400w, http:\/\/www.emmanuel-fouquart.fr\/wp-content\/uploads\/2019\/12\/image022-300x227.jpg 300w, http:\/\/www.emmanuel-fouquart.fr\/wp-content\/uploads\/2019\/12\/image022-120x90.jpg 120w\" sizes=\"auto, (max-width: 400px) 100vw, 400px\" \/><\/figure><div class=\"wp-block-media-text__content\">\n<p class=\"has-normal-font-size\">La m\u00e9thanisation des boues d\u2019\u00e9puration des eaux us\u00e9es est int\u00e9ressante \u00e0 plus d&rsquo;un titre :<\/p>\n<\/div><\/div>\n\n\n\n<ul class=\"wp-block-list\"><li>Production d&rsquo;une \u00e9nergie renouvelable qui peut \u00eatre inject\u00e9e dans le circuit des centrales de chauffage. <\/li><li>Am\u00e9lioration de l\u2019empreinte environnementale des installations. \u00c0 Martigues, notre station traite les eaux us\u00e9es de Martigues et de Port de Bouc, soit un \u00e9quivalent de 95 000 habitants avec un rejet dans le canal (sous le viaduc). Cette station est celle qui rejette le plus d&rsquo;azote dans l&rsquo;Etang de Berre. Le Maire, Gaby Charroux, ne communique pas sur ce probl\u00e8me, pire, il n&rsquo;agit pas. La m\u00e9thanisation serait la solution. <\/li><li>R\u00e9duction du volume des boues issues du traitement des eaux us\u00e9es et donc r\u00e9duction des nuisances\u00a0environnementales li\u00e9es au transport et au devenir de ces boues.<\/li><\/ul>\n\n\n\n<h2 class=\"wp-block-heading\">Le solaire<\/h2>\n\n\n\n<div class=\"wp-block-media-text alignwide\"><figure class=\"wp-block-media-text__media\"><img loading=\"lazy\" decoding=\"async\" width=\"1000\" height=\"749\" src=\"http:\/\/www.emmanuel-fouquart.fr\/wp-content\/uploads\/2019\/12\/cover-r4x3w1000-5a00823ba966d-la-centrale-solaire-photovoltaique-d-engie-de-gros-chastang.jpg\" alt=\"\" class=\"wp-image-163\" srcset=\"http:\/\/www.emmanuel-fouquart.fr\/wp-content\/uploads\/2019\/12\/cover-r4x3w1000-5a00823ba966d-la-centrale-solaire-photovoltaique-d-engie-de-gros-chastang.jpg 1000w, http:\/\/www.emmanuel-fouquart.fr\/wp-content\/uploads\/2019\/12\/cover-r4x3w1000-5a00823ba966d-la-centrale-solaire-photovoltaique-d-engie-de-gros-chastang-300x225.jpg 300w, http:\/\/www.emmanuel-fouquart.fr\/wp-content\/uploads\/2019\/12\/cover-r4x3w1000-5a00823ba966d-la-centrale-solaire-photovoltaique-d-engie-de-gros-chastang-768x575.jpg 768w, http:\/\/www.emmanuel-fouquart.fr\/wp-content\/uploads\/2019\/12\/cover-r4x3w1000-5a00823ba966d-la-centrale-solaire-photovoltaique-d-engie-de-gros-chastang-120x90.jpg 120w\" sizes=\"auto, (max-width: 1000px) 100vw, 1000px\" \/><\/figure><div class=\"wp-block-media-text__content\">\n<p class=\"has-normal-font-size\">Le solaire, comme l&rsquo;\u00e9olien, est une \u00e9nergie al\u00e9atoire et au stockage r\u00e9duit.<\/p>\n<\/div><\/div>\n\n\n\n<p>Cette \u00e9nergie peut \u00eatre d\u00e9velopp\u00e9e tant qu&rsquo;elle est install\u00e9e sur du foncier \u00ab\u00a0d\u00e9risqu\u00e9\u00a0\u00bb, c&rsquo;est \u00e0 dire des endroits sans impact sur l&rsquo;environnement comme les parkings de supermarch\u00e9s, les toitures d&rsquo;\u00e9difices&#8230;<\/p>\n\n\n\n<p>Le pr\u00e9sident de R\u00e9gion nous a pr\u00e9sent\u00e9 son plan solaire. Nous sommes oppos\u00e9s \u00e0 ce plan pour plusieurs raisons :<\/p>\n\n\n\n<ul class=\"wp-block-list\"><li>Un objectif de 46 000 MW-cr\u00eate inatteignable en 2050. Aujourd&rsquo;hui, la r\u00e9gion dispose d&rsquo;un parc solaire de 1 200 MW-cr\u00eate d\u00e9j\u00e0 inf\u00e9rieur aux pr\u00e9visions. <\/li><li>Un co\u00fbt exhorbitant pour la r\u00e9gion. L&rsquo;institution a vers\u00e9 16 millions \u20ac pour l&rsquo;installation de 10MW-cr\u00eate ; soit un montant total de 70 milliards \u20ac pour atteindre l&rsquo;objectif de 2050. La R\u00e9gion ne pourra jamais financer.<\/li><li>L&rsquo;installation de \u00ab\u00a0fermes\u00a0\u00bb solaires hors foncier \u00ab\u00a0d\u00e9risqu\u00e9\u00a0\u00bb : zones naturelles, agricoles et foresti\u00e8res.<\/li><\/ul>\n\n\n\n<p>Pour ces motifs, nous avons vot\u00e9 CONTRE ce plan.<\/p>\n\n\n\n<figure class=\"wp-block-video\"><video height=\"720\" style=\"aspect-ratio: 1280 \/ 720;\" width=\"1280\" autoplay controls src=\"http:\/\/www.emmanuel-fouquart.fr\/wp-content\/uploads\/2019\/12\/11-Fouquart.mp4\"><\/video><\/figure>\n","protected":false},"excerpt":{"rendered":"<p>Peu connue car r\u00e9cente, la R\u00e9gion Provence Alpes C\u00f4te d&rsquo;Azur a une commission d\u00e9di\u00e9e \u00e0 l&rsquo;environnement : Croissance verte, transition \u00e9nerg\u00e9tique, d\u00e9chets.Sensibilis\u00e9 \u00e0 cette question importante, je me suis propos\u00e9&hellip;<\/p>\n","protected":false},"author":1,"featured_media":0,"comment_status":"open","ping_status":"open","sticky":false,"template":"","format":"standard","meta":{"om_disable_all_campaigns":false,"_mi_skip_tracking":false,"_monsterinsights_sitenote_active":false,"_monsterinsights_sitenote_note":"","_monsterinsights_sitenote_category":0,"ngg_post_thumbnail":0,"footnotes":""},"categories":[15,6],"tags":[16,19,18,12,17],"class_list":["post-155","post","type-post","status-publish","format-standard","hentry","category-environnement","category-region","tag-environnement","tag-eolien","tag-hydrogene","tag-martigues","tag-methanisation"],"post_mailing_queue_ids":[],"_links":{"self":[{"href":"http:\/\/www.emmanuel-fouquart.fr\/index.php?rest_route=\/wp\/v2\/posts\/155","targetHints":{"allow":["GET"]}}],"collection":[{"href":"http:\/\/www.emmanuel-fouquart.fr\/index.php?rest_route=\/wp\/v2\/posts"}],"about":[{"href":"http:\/\/www.emmanuel-fouquart.fr\/index.php?rest_route=\/wp\/v2\/types\/post"}],"author":[{"embeddable":true,"href":"http:\/\/www.emmanuel-fouquart.fr\/index.php?rest_route=\/wp\/v2\/users\/1"}],"replies":[{"embeddable":true,"href":"http:\/\/www.emmanuel-fouquart.fr\/index.php?rest_route=%2Fwp%2Fv2%2Fcomments&post=155"}],"version-history":[{"count":4,"href":"http:\/\/www.emmanuel-fouquart.fr\/index.php?rest_route=\/wp\/v2\/posts\/155\/revisions"}],"predecessor-version":[{"id":165,"href":"http:\/\/www.emmanuel-fouquart.fr\/index.php?rest_route=\/wp\/v2\/posts\/155\/revisions\/165"}],"wp:attachment":[{"href":"http:\/\/www.emmanuel-fouquart.fr\/index.php?rest_route=%2Fwp%2Fv2%2Fmedia&parent=155"}],"wp:term":[{"taxonomy":"category","embeddable":true,"href":"http:\/\/www.emmanuel-fouquart.fr\/index.php?rest_route=%2Fwp%2Fv2%2Fcategories&post=155"},{"taxonomy":"post_tag","embeddable":true,"href":"http:\/\/www.emmanuel-fouquart.fr\/index.php?rest_route=%2Fwp%2Fv2%2Ftags&post=155"}],"curies":[{"name":"wp","href":"https:\/\/api.w.org\/{rel}","templated":true}]}}