{"id":230,"date":"2020-02-11T07:50:23","date_gmt":"2020-02-11T07:50:23","guid":{"rendered":"http:\/\/www.emmanuel-fouquart.fr\/?p=230"},"modified":"2020-02-14T11:27:21","modified_gmt":"2020-02-14T11:27:21","slug":"christiane-villecourt-pourquoi-unis-pour-martigues","status":"publish","type":"post","link":"http:\/\/www.emmanuel-fouquart.fr\/?p=230","title":{"rendered":"Christiane Villecourt&#8230; Pourquoi \u00ab\u00a0UNIS pour MARTIGUES\u00a0\u00bb ?"},"content":{"rendered":"\n<div class=\"twitter-share\"><a href=\"https:\/\/twitter.com\/intent\/tweet?via=e_Fouquart\" class=\"twitter-share-button\" data-size=\"large\">Tweet<\/a><\/div>\n\n<p>Christiane VILLECOURT rejoint \u00ab\u00a0UNIS POUR MARTIGUES\u00a0\u00bb <\/p>\n\n\n\n<p>un parcours atypique, une femme de caract\u00e8re qui ne sera assur\u00e9ment pas une \u00e9lue godillot.&#x1f609;&#x1f44d;&#x1f44d;<\/p>\n\n\n\n<p>Prise de parole Christiane VILLECOURT, le 08\/02\/20201 \u2013 Identit\u00e9 \u2013 Parcours Professionnel : <\/p>\n\n\n\n<p>Christiane VILLECOURT, mari\u00e9e, m\u00e8re de 5 enfants, grand-m\u00e8re \u2026\u2026  10 fois ! <\/p>\n\n\n\n<h2 class=\"wp-block-heading\">Parcours professionnel et politique.<\/h2>\n\n\n\n<p><strong>1 &#8211; <\/strong>Puisque dans ce propos les comp\u00e9tences sont n\u00e9cessaires quelques mots sur mon parcours professionnel ; un parcours quelque peu atypique. Tout d\u2019abord le syst\u00e8me \u00e9ducatif :<\/p>\n\n\n\n<ul class=\"wp-block-list\"><li>Professeur \tde math\u00e9matiques<\/li><li>Principal \tde coll\u00e8ge \u00e0 Miramas et \u00e0 Istres, deux cr\u00e9ations<\/li><li>Proviseur \tpar exemple du Lyc\u00e9e Jean Cocteau \u00e0 Miramas et de la cr\u00e9ation du \tLyc\u00e9e polyvalent R\u00e9al Panier (Ren\u00e9 Char) \u00e0 Avignon<\/li><\/ul>\n\n\n\n<p>Puis, Reconversion vers le syst\u00e8me de sant\u00e9 avec un doctorat de gestion \u00e9conomie et droit de la sant\u00e9<\/p>\n\n\n\n<ul class=\"wp-block-list\"><li>Directrice  de Clinique (SSR CLAIREVAL Marseille puis la Roque d\u2019Anth\u00e9ron,  consultante en sant\u00e9, qualiticienne lors des r\u00e9formes de la sant\u00e9  des ann\u00e9es 2000 ..)<\/li><li>Puis  Cr\u00e9ations et ouvertures d\u2019\u00e9tablissements pour personnes \u00e2g\u00e9es  (8 ouvertures)<\/li><li>Voil\u00e0  mes multiples vies\u2026.<\/li><\/ul>\n\n\n\n<p><strong>2 &#8211;<\/strong> <strong>Mon engagement dans le domaine du handicap<\/strong>. En fait, je suis n\u00e9e pour servir. Je connais le handicap parce que je le vis. Le handicap, qui change la vie des familles a \u00e9t\u00e9 une de mes vies, un long chemin parcouru avec plus de joie que de douleur. Engag\u00e9e par ma qualit\u00e9 de :<\/p>\n\n\n\n<ul class=\"wp-block-list\"><li>Vice-pr\u00e9sidente<\/li><li>Responsable  de projets de la Chrysalide de Martigues et du Golfe de Fos<\/li><li>Responsable du club des c\u00e8dres dont la raison d\u2019\u00eatre a \u00e9t\u00e9 de donner aux  jeunes et adultes en situation de handicap le bonheur de s\u2019ouvrir  au monde par des voyages culturels. Et d\u2019offrir aux familles un  peu de r\u00e9pit.<\/li><\/ul>\n\n\n\n<p><strong>3 \u2013 Mon Parcours politique<\/strong> \u2026.  Engag\u00e9e \u00e0 droite, \u00e0 l\u2019UMP puis chez Les R\u00e9publicains, j\u2019ai pu m\u2019ouvrir \u00e0 la vie sociale en ayant la chance d\u2019\u00eatre :<\/p>\n\n\n\n<ul class=\"wp-block-list\"><li>Colisti\u00e8re \tet \u00e9lue avec Mathias PETRICOUL, dans l\u2019opposition de 2008 \u00e0 \t2014.<\/li><li>Puis \tsur la liste de Mich\u00e8le VASSEROT en 2014<\/li><\/ul>\n\n\n\n<p><strong>Pourquoi ai-je envie de continuer et m\u2019engager sur la liste UNIS pour MARTIGUES ? Personnellement, je me suis demand\u00e9 comment combattre :<\/strong><\/p>\n\n\n\n<ul class=\"wp-block-list\"><li>L\u2019\u00e9volution  compliqu\u00e9e, ambigu\u00eb de notre soci\u00e9t\u00e9,<\/li><li>Les  probl\u00e8mes pos\u00e9s par l\u2019\u00e9cologie, la pollution de l\u2019air caus\u00e9e par les usines proches de nos villes, celle de l\u2019\u00e9tang de Berre.<\/li><li>L\u2019ins\u00e9curit\u00e9  dont les violences ont augment\u00e9 consid\u00e9rablement ces derni\u00e8res  ann\u00e9es, (+30 \u00e0 70%)<\/li><li>Comment  combattre aussi<br>&#8211; Les  mentalit\u00e9s qui s\u2019\u00e9loignent de nos belles valeurs,<br>&#8211; Les  comportements \u00e0 risque de nos jeunes.<\/li><li>Notre  jeunesse est en danger. Les parents que nous sommes devons  intervenir vite.<\/li><\/ul>\n\n\n\n<p><strong>Alors cette liste d\u2019union de partis de droite m\u2019a interpell\u00e9e<\/strong> ! <\/p>\n\n\n\n<ul class=\"wp-block-list\"><li>Elle  est \u00ab ouverte \u00bb <strong>vraiment \u00ab ouverte \u00bb<\/strong>,<\/li><li>Elle  n\u2019est pas un faux nez qui ne sert qu\u2019\u00e0 masquer l\u2019h\u00e9g\u00e9monie d\u2019un parti<\/li><li>Elle  n\u2019est pas une liste \u00ab attrape-tout \u00bb \u00e9videmment sans \u00e9tiquette, dont on ne sait pas trop o\u00f9 est la  vision et o\u00f9 sont les comp\u00e9tences.<\/li><li>Elle  est n\u00e9e de nombreuses discussions,  auxquelles j\u2019ai pu prendre part : Discussions,  sur la n\u00e9cessit\u00e9 de pouvoir repr\u00e9senter  largement les mart\u00e9gaux, sans pour autant  penser qu\u2019il faille avancer masqu\u00e9s, mais en  r\u00e9unissant des personnes qui sont capables de poser clairement, sans d\u00e9ni, sans  id\u00e9ologie, sans sectarisme, ou prisme malvenu\u2026 les  sujets avec la lucidit\u00e9 indispensable sur  la situation de la ville, o\u00f9 tout ce qui a \u00e9t\u00e9 fait, depuis 70  ans n\u2019est \u00e9videmment pas \u00e0 jeter, ni \u00e0 rejeter, et ne le sera  pas d\u2019ailleurs \u2026.<br>Mais  ne correspond plus \u00e0 l\u2019\u00e9volution, aux  exigences et surtout \u00e0 la rapidit\u00e9 des changements que l\u2019on  observe. Le monde change,  le monde a chang\u00e9 et poursuivra de plus en plus vite.<\/li><\/ul>\n\n\n\n<p><strong>Alors oui,<\/strong><\/p>\n\n\n\n<ul class=\"wp-block-list\"><li>Je  rejoins UNIS pour MARTIGUES, parce qu\u2019il y a un projet, un vrai, pas un catalogue de propositions sans lien, alors que tous  les sujets sont transversaux, d\u2019autant  qu\u2019avec la M\u00e9tropole,  plus rien n\u2019est simple ; nous sommes contraints \u00e0 nous inscrire,  c\u2019est la loi dans le projet global.<\/li><li>Il est  fini le temps o\u00f9 le maire pouvait d\u00e9cider de tout !<\/li><li>Continuer  \u00e0 le faire croire, c\u2019est mentir aux \u00e9lecteurs.<\/li><li>Je  rejoins UNIS POUR MARTIGUES \u00e0 cause des personnes qui sont sur cette liste. Je les connais bien et depuis longtemps, je sais \u00e0 qui nous avons \u00e0 faire, et nous  savons pouvoir leur faire confiance ! <br>Notre  Projet est commun et je  m\u2019inscris dans ce projet commun, je veux \u00eatre garante qu\u2019il ne  sera pas fait n\u2019importe quoi.<\/li><li>Le  chemin sera long et difficile mais notre  honn\u00eatet\u00e9, notre transparence, notre courage rendra le chemin moins  chaotique. C\u2019est notre engagement pour que  Martigues vive sereine.<\/li><li>Je  ne veux aucun \u00e9go, aucun d\u00e9sir de pouvoir et d\u2019argent. C\u2019est de cette union  consentie que na\u00eetra une ville apais\u00e9e<\/li><li>Dans  cette liste d\u2019UNIS pour MARTIGUES, les  diff\u00e9rentes sensibilit\u00e9s et courants politiques repr\u00e9sent\u00e9s,  mais aussi la pr\u00e9sence de personnes de valeur, apporteront leurs comp\u00e9tences, leur charisme, l\u2019\u00e9coute n\u00e9cessaire sans esprit partisan,<\/li><li>C\u2019est  une richesse !<\/li><li>Je  ne renie \u00e9videmment rien de mes convictions et les valeurs que  j\u2019ai toujours d\u00e9fendues. Je rejoins une  \u00e9quipe de femmes et d\u2019hommes, <strong>courageux parce qu\u2019il en faut  pour \u00ab transgresser \u00bb le tabou\u2026.  Des partis de  droite UNIS POUR MARTIGUES !<\/strong><\/li><li>\u00catre  pionnier, n\u2019est pas toujours simple, mais  il faut bien que quelques-uns montrent la voie !<\/li><li>UNIS pour MARTIGUES a une liste \u00ab ouverte \u00bb \u00e0 plusieurs  courants politiques, dont je connais depuis  des ann\u00e9es, les membres fondateurs : Andr\u00e9 BOY\u00c9 (DLF), Francis LOPEZ (Modem), Emmanuel FOUQUART (Rassemblement National), Thomas VASSEROT (Les R\u00e9publicains)&#8230; et tous ceux qui nous ont rejoint.  Toutes les id\u00e9es sont les  bienvenues car c\u2019est toujours du choc des id\u00e9es que jaillie la  lumi\u00e8re !<\/li><\/ul>\n\n\n\n<p>Tout est \u00e0 penser, \u00e0 d\u00e9cider, \u00e0 faire, \u00e0 contr\u00f4ler, \u00e0 \u00e9valuer, \u00e0 am\u00e9liorer. Et puis finalement, je nous souhaite <em>\u00ab qu\u2019en se retournant sur le chemin parcouru, nous sourions \u00e0 la vue des cailloux dont nous nous \u00e9tions fait des montagnes. \u00bb<\/em><\/p>\n\n\n\n<figure class=\"wp-block-image size-medium is-style-default\"><img loading=\"lazy\" decoding=\"async\" width=\"300\" height=\"188\" src=\"http:\/\/www.emmanuel-fouquart.fr\/wp-content\/uploads\/2020\/02\/Gil-Christiane-FB-300x188.png\" alt=\"\" class=\"wp-image-234\" srcset=\"http:\/\/www.emmanuel-fouquart.fr\/wp-content\/uploads\/2020\/02\/Gil-Christiane-FB-300x188.png 300w, http:\/\/www.emmanuel-fouquart.fr\/wp-content\/uploads\/2020\/02\/Gil-Christiane-FB-1024x640.png 1024w, http:\/\/www.emmanuel-fouquart.fr\/wp-content\/uploads\/2020\/02\/Gil-Christiane-FB-768x480.png 768w, http:\/\/www.emmanuel-fouquart.fr\/wp-content\/uploads\/2020\/02\/Gil-Christiane-FB.png 1280w\" sizes=\"auto, (max-width: 300px) 100vw, 300px\" \/><\/figure>\n","protected":false},"excerpt":{"rendered":"<p>Christiane Villecourt, LR&#8230;. pourquoi j&rsquo;ai rejoint \u00ab\u00a0UNIS pour MARTIGUES\u00a0\u00bb<\/p>\n","protected":false},"author":1,"featured_media":234,"comment_status":"open","ping_status":"open","sticky":false,"template":"","format":"standard","meta":{"om_disable_all_campaigns":false,"_mi_skip_tracking":false,"_monsterinsights_sitenote_active":false,"_monsterinsights_sitenote_note":"","_monsterinsights_sitenote_category":0,"ngg_post_thumbnail":0,"footnotes":""},"categories":[5,33],"tags":[36,34,35,12,13,14,11,8,10],"class_list":["post-230","post","type-post","status-publish","format-standard","has-post-thumbnail","hentry","category-martigues","category-portraits","tag-christiane-villecourt","tag-les-republicains","tag-lr","tag-martigues","tag-martigues-2020","tag-municipales-2020","tag-rassemblement-national","tag-rn","tag-unis-pour-martigues"],"post_mailing_queue_ids":[],"_links":{"self":[{"href":"http:\/\/www.emmanuel-fouquart.fr\/index.php?rest_route=\/wp\/v2\/posts\/230","targetHints":{"allow":["GET"]}}],"collection":[{"href":"http:\/\/www.emmanuel-fouquart.fr\/index.php?rest_route=\/wp\/v2\/posts"}],"about":[{"href":"http:\/\/www.emmanuel-fouquart.fr\/index.php?rest_route=\/wp\/v2\/types\/post"}],"author":[{"embeddable":true,"href":"http:\/\/www.emmanuel-fouquart.fr\/index.php?rest_route=\/wp\/v2\/users\/1"}],"replies":[{"embeddable":true,"href":"http:\/\/www.emmanuel-fouquart.fr\/index.php?rest_route=%2Fwp%2Fv2%2Fcomments&post=230"}],"version-history":[{"count":3,"href":"http:\/\/www.emmanuel-fouquart.fr\/index.php?rest_route=\/wp\/v2\/posts\/230\/revisions"}],"predecessor-version":[{"id":235,"href":"http:\/\/www.emmanuel-fouquart.fr\/index.php?rest_route=\/wp\/v2\/posts\/230\/revisions\/235"}],"wp:featuredmedia":[{"embeddable":true,"href":"http:\/\/www.emmanuel-fouquart.fr\/index.php?rest_route=\/wp\/v2\/media\/234"}],"wp:attachment":[{"href":"http:\/\/www.emmanuel-fouquart.fr\/index.php?rest_route=%2Fwp%2Fv2%2Fmedia&parent=230"}],"wp:term":[{"taxonomy":"category","embeddable":true,"href":"http:\/\/www.emmanuel-fouquart.fr\/index.php?rest_route=%2Fwp%2Fv2%2Fcategories&post=230"},{"taxonomy":"post_tag","embeddable":true,"href":"http:\/\/www.emmanuel-fouquart.fr\/index.php?rest_route=%2Fwp%2Fv2%2Ftags&post=230"}],"curies":[{"name":"wp","href":"https:\/\/api.w.org\/{rel}","templated":true}]}}