{"id":275,"date":"2020-10-12T19:00:59","date_gmt":"2020-10-12T19:00:59","guid":{"rendered":"http:\/\/www.emmanuel-fouquart.fr\/?p=275"},"modified":"2020-10-12T19:03:46","modified_gmt":"2020-10-12T19:03:46","slug":"rachat-de-la-marseillaise-les-communistes-dilapident-largent-des-martegaux","status":"publish","type":"post","link":"http:\/\/www.emmanuel-fouquart.fr\/?p=275","title":{"rendered":"Rachat de la Marseillaise : les communistes dilapident l&rsquo;argent des Mart\u00e9gaux"},"content":{"rendered":"\n<div class=\"twitter-share\"><a href=\"https:\/\/twitter.com\/intent\/tweet?via=e_Fouquart\" class=\"twitter-share-button\" data-size=\"large\">Tweet<\/a><\/div>\n\n<p>Le 13\/07\/2020, le Tribunal de commerce de Marseille, par son jugement, pronon\u00e7ait la liquidation judiciaire de la SAS les \u00e9ditions des f\u00e9d\u00e9r\u00e9s et de l&rsquo;association le mondial la marseillaise \u00e0 p\u00e9tanque. <br><br>La SAS les \u00e9ditions des f\u00e9d\u00e9r\u00e9s fut cr\u00e9\u00e9e en 2015 pour le rachat de La Marseillaise, d\u00e9j\u00e0 en liquidation judiciaire. \u00c0 la t\u00eate de cette soci\u00e9t\u00e9, M. Pierre Dharr\u00e9ville, PDG jusqu&rsquo;aux \u00e9lections l\u00e9gislatives de 2017.<\/p>\n\n\n\n<p>En 5 ans, cette soci\u00e9t\u00e9 a perdu la moiti\u00e9 de ses salari\u00e9s : de plus de 200, ils ne sont plus qu&rsquo;une cinquantaine aujourd&rsquo;hui. <\/p>\n\n\n\n<p>En 2018, la soci\u00e9t\u00e9 est plac\u00e9e en redressement judiciaire. Le 06\/06\/2018, le Tribunal de commerce arr\u00eate un plan de redressement sur 10 ans et annule la moiti\u00e9 des cr\u00e9ances de la soci\u00e9t\u00e9, de 8,4 millions \u20ac \u00e0 4,6 millions \u20ac.<\/p>\n\n\n\n<h2 class=\"wp-block-heading\">Une situation insurmontable<\/h2>\n\n\n\n<p>En juillet, le Maire de Martigues, Gaby Charroux, pr\u00e9sident de la SEML Maritima M\u00e9dias, d\u00e9cide de reprendre le quotidien en faillite. Rappelons que Maritima M\u00e9dias, c&rsquo;est 3,1 millions \u20ac de chiffre d&rsquo;affaire dont 1,6 millions \u20ac provenant de la ville et plus de 200 000 \u20ac de la M\u00e9tropole ; en quelque mots, cette soci\u00e9t\u00e9 est perfus\u00e9e d&rsquo;argent public. Donc le Maire veut faire reprendre une soci\u00e9t\u00e9 en faillite par une soci\u00e9t\u00e9 qui ne peut pas s&rsquo;assumer financi\u00e8rement. <\/p>\n\n\n\n<h2 class=\"wp-block-heading\">Toujours plus loin dans l&rsquo;endettement de Martigues<\/h2>\n\n\n\n<p>Lors du conseil municipal du 18\/09\/2020, trois d\u00e9lib\u00e9rations avaient rapport avec le rachat de la marseillaise :<br>&#8211; La cr\u00e9ation d&rsquo;une Soci\u00e9t\u00e9 Coop\u00e9rative d&rsquo;Int\u00e9r\u00eat Collectif (SCIC)<br>&#8211; L&rsquo;entr\u00e9e de Martigues dans le capital de la SCIC ASC \u00e0 hauteur de 48% des parts.<br>&#8211; L&rsquo;\u00e9lection du Maire et d&rsquo;une adjointe pour si\u00e9ger au sein de la SCIC<br>&#8211; Approuver une avance consentie de la ville au compte courant de la SCIC d&rsquo;un montant de 284 200 \u20ac.<\/p>\n\n\n\n<h2 class=\"wp-block-heading\">Aux oubliettes les belles promesses<\/h2>\n\n\n\n<p>Dans ce projet, l&rsquo;engagement financier de la ville est tel qu&rsquo;il aurait d\u00fb passer par un r\u00e9f\u00e9rendum. Nous l&rsquo;avons rappel\u00e9 au Maire, et c&rsquo;est d&rsquo;ailleurs l&rsquo;un de ses engagements de campagne (r\u00e9f\u00e9rendum d&rsquo;initiative citoyenne). Fin de non recevoir de sa part : \u00ab\u00a0<em>Je suis \u00e9lu Maire, je n&rsquo;ai pas besoin d&rsquo;un r\u00e9f\u00e9rendum<\/em>\u00ab\u00a0.<\/p>\n\n\n\n<figure class=\"wp-block-video\"><video height=\"720\" style=\"aspect-ratio: 1280 \/ 720;\" width=\"1280\" controls src=\"http:\/\/www.emmanuel-fouquart.fr\/wp-content\/uploads\/2020\/10\/Rachat la Marseillaise 18:09:2020.mp4\"><\/video><figcaption>Conseil Municipal du 18 septembre 2020<\/figcaption><\/figure>\n\n\n\n<h2 class=\"wp-block-heading\">Le sondage<\/h2>\n\n\n\n<p>Cette op\u00e9ration de reprise de La Marseillaise est vou\u00e9e \u00e0 l&rsquo;\u00e9chec. M\u00eame s&rsquo;il faut conserver une pluralit\u00e9 d&rsquo;opinion dans la presse, cet argument ne peut autoriser le gaspillage d&rsquo;argent public. <\/p>\n\n\n\n<p>Nous avons d\u00e9cid\u00e9 de vous proposer ce sondage pour que vous, Mart\u00e9gales et Mart\u00e9gaux, puissiez apporter votre avis sur le rachat de la Marseillaise<\/p>\n\n\n\n<div style=\"height:32px\" aria-hidden=\"true\" class=\"wp-block-spacer\"><\/div>\n\n\n\n<div class=\"wp-block-buttons is-layout-flex wp-block-buttons-is-layout-flex\">\n<div class=\"wp-block-button is-style-fill\"><a class=\"wp-block-button__link\" href=\"https:\/\/bit.ly\/310apSK\" target=\"_blank\" rel=\"noreferrer noopener\">Participez au sondage !<\/a><\/div>\n<\/div>\n\n\n\n<div style=\"height:32px\" aria-hidden=\"true\" class=\"wp-block-spacer\"><\/div>\n\n\n\n<p>Merci pour votre participation et n&rsquo;oubliez pas de partager !<\/p>\n\n\n\n<p><br><strong>Emmanuel Fouquart et Christiane Villecourt<\/strong>, <br>conseillers municipaux du groupe Unis pour Martigues.<\/p>\n\n\n\n<p><\/p>\n","protected":false},"excerpt":{"rendered":"<p>Rachat de la Marseillaise : les communistes dilapident l&rsquo;argent des Mart\u00e9gaux&#8230; participez au sondage !<\/p>\n","protected":false},"author":1,"featured_media":0,"comment_status":"open","ping_status":"open","sticky":false,"template":"","format":"standard","meta":{"om_disable_all_campaigns":false,"_mi_skip_tracking":false,"_monsterinsights_sitenote_active":false,"_monsterinsights_sitenote_note":"","_monsterinsights_sitenote_category":0,"ngg_post_thumbnail":0,"footnotes":""},"categories":[5,38,7],"tags":[27,30,39,12,11,8],"class_list":["post-275","post","type-post","status-publish","format-standard","hentry","category-martigues","category-sondages","category-video","tag-emmanuel-fouquart","tag-gaby-charroux","tag-la-marseillaise","tag-martigues","tag-rassemblement-national","tag-rn"],"post_mailing_queue_ids":[],"_links":{"self":[{"href":"http:\/\/www.emmanuel-fouquart.fr\/index.php?rest_route=\/wp\/v2\/posts\/275","targetHints":{"allow":["GET"]}}],"collection":[{"href":"http:\/\/www.emmanuel-fouquart.fr\/index.php?rest_route=\/wp\/v2\/posts"}],"about":[{"href":"http:\/\/www.emmanuel-fouquart.fr\/index.php?rest_route=\/wp\/v2\/types\/post"}],"author":[{"embeddable":true,"href":"http:\/\/www.emmanuel-fouquart.fr\/index.php?rest_route=\/wp\/v2\/users\/1"}],"replies":[{"embeddable":true,"href":"http:\/\/www.emmanuel-fouquart.fr\/index.php?rest_route=%2Fwp%2Fv2%2Fcomments&post=275"}],"version-history":[{"count":8,"href":"http:\/\/www.emmanuel-fouquart.fr\/index.php?rest_route=\/wp\/v2\/posts\/275\/revisions"}],"predecessor-version":[{"id":284,"href":"http:\/\/www.emmanuel-fouquart.fr\/index.php?rest_route=\/wp\/v2\/posts\/275\/revisions\/284"}],"wp:attachment":[{"href":"http:\/\/www.emmanuel-fouquart.fr\/index.php?rest_route=%2Fwp%2Fv2%2Fmedia&parent=275"}],"wp:term":[{"taxonomy":"category","embeddable":true,"href":"http:\/\/www.emmanuel-fouquart.fr\/index.php?rest_route=%2Fwp%2Fv2%2Fcategories&post=275"},{"taxonomy":"post_tag","embeddable":true,"href":"http:\/\/www.emmanuel-fouquart.fr\/index.php?rest_route=%2Fwp%2Fv2%2Ftags&post=275"}],"curies":[{"name":"wp","href":"https:\/\/api.w.org\/{rel}","templated":true}]}}